{"id":1048,"date":"2026-08-11T16:10:46","date_gmt":"2026-08-11T19:10:46","guid":{"rendered":"https:\/\/laranjaldojari.ap.gov.br\/diario-oficial\/?p=1048"},"modified":"2026-08-11T16:10:47","modified_gmt":"2026-08-11T19:10:47","slug":"4833-2026","status":"publish","type":"post","link":"https:\/\/laranjaldojari.ap.gov.br\/diario-oficial\/2026\/08\/11\/4833-2026\/","title":{"rendered":"4833\/2026"},"content":{"rendered":"\n<p class=\"wp-block-paragraph\">PORTARIA N\u00ba057 &#8211; 2026 &#8211; SEMAP PMLJ &#8211; MUDAN\u00c7A DE ENDERE\u00c7O<\/p>\n\n\n\n<p class=\"wp-block-paragraph\">PORTARIA N\u00ba049 &#8211; 2026 &#8211; SEMAP PMLJ &#8211; LICEN\u00c7A PR\u00caMIO &#8211; RONICL\u00c9IA PIRES DE SOUZA<\/p>\n\n\n\n<p class=\"wp-block-paragraph\">PORTARIA N\u00ba050 &#8211; 2026 &#8211; SEMAP PMLJ &#8211; LICEN\u00c7A PR\u00caMIO &#8211; HELITON DE CARVALHO TRINDADE<\/p>\n\n\n\n<p class=\"wp-block-paragraph\">PORTARIA N\u00ba051 &#8211; 2026 &#8211; SEMAP PMLJ &#8211; LICEN\u00c7A PR\u00caMIO &#8211; MARQUINHO MARQUES DA SILVA<\/p>\n\n\n\n<p class=\"wp-block-paragraph\">PORTARIA N\u00ba052 &#8211; 2026 &#8211; SEMAP PMLJ &#8211; LICEN\u00c7A PR\u00caMIO &#8211; LENIZA SOUZA DOS SANTO<\/p>\n\n\n\n<p class=\"wp-block-paragraph\">PORTARIA N\u00ba053 &#8211; 2026 &#8211; SEMAP PMLJ &#8211; LICEN\u00c7A PR\u00caMIO &#8211; ALDINEDI FLEXA DA SILVA<\/p>\n\n\n\n<p class=\"wp-block-paragraph\">PORTARIA N\u00ba375 &#8211; 2026 &#8211; SMAS PMLJ &#8211; ALUGUEL SOCIAL &#8211; EVELLINY KAREN C DA COSTA<\/p>\n<!-- WP Attachments -->\r\n        <div class=\"wpa-attachments-block\">\r\n            <div class=\"wpa-attachments-head\">\r\n                <h3 class=\"wpa-attachments-title\">Documento<\/h3>\r\n            <\/div>\r\n        <ul class=\"post-attachments\"><li class=\"post-attachment mime-application-pdf\"><a href=\"https:\/\/laranjaldojari.ap.gov.br\/diario-oficial\/wp-content\/uploads\/2026\/08\/No4833-11-DE-AGOSTO-DE-2026-DIARIO-OFICIAL.pdf\">N\u00ba4833 - 11 DE AGOSTO DE 2026 - DI\u00c1RIO OFICIAL<\/a> <small>(5 MB)<\/small><\/li><\/ul><\/div>","protected":false},"excerpt":{"rendered":"<p>PORTARIA N\u00ba057 &#8211; 2026 &#8211; SEMAP PMLJ &#8211; MUDAN\u00c7A DE ENDERE\u00c7O PORTARIA N\u00ba049 &#8211; 2026 &#8211; SEMAP PMLJ &#8211; LICEN\u00c7A PR\u00caMIO &#8211; RONICL\u00c9IA PIRES DE SOUZA PORTARIA N\u00ba050 &#8211; 2026 &#8211; SEMAP PMLJ &#8211; LICEN\u00c7A PR\u00caMIO &#8211; HELITON DE CARVALHO TRINDADE PORTARIA N\u00ba051 &#8211; 2026 &#8211; SEMAP PMLJ &#8211; LICEN\u00c7A PR\u00caMIO &#8211; MARQUINHO MARQUES DA [&hellip;]<\/p>\n","protected":false},"author":2,"featured_media":0,"comment_status":"open","ping_status":"open","sticky":false,"template":"","format":"standard","meta":{"_jetpack_memberships_contains_paid_content":false,"footnotes":""},"categories":[1],"tags":[],"class_list":["post-1048","post","type-post","status-publish","format-standard","hentry","category-diariooficial"],"jetpack_featured_media_url":"","jetpack_sharing_enabled":true,"_links":{"self":[{"href":"https:\/\/laranjaldojari.ap.gov.br\/diario-oficial\/wp-json\/wp\/v2\/posts\/1048","targetHints":{"allow":["GET"]}}],"collection":[{"href":"https:\/\/laranjaldojari.ap.gov.br\/diario-oficial\/wp-json\/wp\/v2\/posts"}],"about":[{"href":"https:\/\/laranjaldojari.ap.gov.br\/diario-oficial\/wp-json\/wp\/v2\/types\/post"}],"author":[{"embeddable":true,"href":"https:\/\/laranjaldojari.ap.gov.br\/diario-oficial\/wp-json\/wp\/v2\/users\/2"}],"replies":[{"embeddable":true,"href":"https:\/\/laranjaldojari.ap.gov.br\/diario-oficial\/wp-json\/wp\/v2\/comments?post=1048"}],"version-history":[{"count":1,"href":"https:\/\/laranjaldojari.ap.gov.br\/diario-oficial\/wp-json\/wp\/v2\/posts\/1048\/revisions"}],"predecessor-version":[{"id":1050,"href":"https:\/\/laranjaldojari.ap.gov.br\/diario-oficial\/wp-json\/wp\/v2\/posts\/1048\/revisions\/1050"}],"wp:attachment":[{"href":"https:\/\/laranjaldojari.ap.gov.br\/diario-oficial\/wp-json\/wp\/v2\/media?parent=1048"}],"wp:term":[{"taxonomy":"category","embeddable":true,"href":"https:\/\/laranjaldojari.ap.gov.br\/diario-oficial\/wp-json\/wp\/v2\/categories?post=1048"},{"taxonomy":"post_tag","embeddable":true,"href":"https:\/\/laranjaldojari.ap.gov.br\/diario-oficial\/wp-json\/wp\/v2\/tags?post=1048"}],"curies":[{"name":"wp","href":"https:\/\/api.w.org\/{rel}","templated":true}]}}